[{"@context":"https:\/\/schema.org\/","@type":"Article","@id":"https:\/\/www.monamie.cz\/alergie-na-zvirata\/#Article","mainEntityOfPage":"https:\/\/www.monamie.cz\/alergie-na-zvirata\/","headline":"Alergie na zv\u00ed\u0159ata","name":"Alergie na zv\u00ed\u0159ata","description":"Je opravdu mnoho lid\u00ed, kte\u0159\u00ed si p\u0159eji m\u00edt doma zv\u00ed\u0159e. N\u011bkdy to ale bohu\u017eel\u00a0nejde,\u00a0proto\u017ee\u00a0tomu situace nebo prost\u0159edn\u00ed\u00a0v\u016fbec\u00a0nenahr\u00e1v\u00e1. A taky zn\u00e1m p\u00e1r p\u0159\u00edpad\u016f, kde jsou lid\u00e9 bohu\u017eel alergi\u010dt\u00ed na zv\u00ed\u0159ata, tak\u017ee &hellip; <div class=\"bht1\"><a href=\"https:\/\/www.monamie.cz\/alergie-na-zvirata\/\">\u010c\u00edst d\u00e1le<span class=\"screen-reader-text\"> \"Alergie na zv\u00ed\u0159ata\"<\/span><\/a><\/div>","datePublished":"2022-10-09","dateModified":"2023-05-06","author":{"@type":"Person","@id":"https:\/\/www.monamie.cz\/author\/#Person","name":"","url":"https:\/\/www.monamie.cz\/author\/","identifier":1,"image":{"@type":"ImageObject","@id":"https:\/\/secure.gravatar.com\/avatar\/bbaa4e9a58aac4329fe0ade0f3fb816f09f0dc43c21f6e884dccfbc124b16b29?s=96&d=mm&r=g","url":"https:\/\/secure.gravatar.com\/avatar\/bbaa4e9a58aac4329fe0ade0f3fb816f09f0dc43c21f6e884dccfbc124b16b29?s=96&d=mm&r=g","height":96,"width":96}},"publisher":{"@type":"Organization","name":"monamie.cz","logo":{"@type":"ImageObject","@id":"\/logo.png","url":"\/logo.png","width":600,"height":60}},"image":{"@type":"ImageObject","@id":"https:\/\/www.monamie.cz\/wp-content\/uploads\/cavia-7318119_960_720.jpg","url":"https:\/\/www.monamie.cz\/wp-content\/uploads\/cavia-7318119_960_720.jpg","height":0,"width":0},"url":"https:\/\/www.monamie.cz\/alergie-na-zvirata\/","about":["Zv\u00ed\u0159ata"],"wordCount":428,"articleBody":"Je opravdu mnoho lid\u00ed, kte\u0159\u00ed si p\u0159eji m\u00edt doma zv\u00ed\u0159e. N\u011bkdy to ale bohu\u017eel\u00a0nejde,\u00a0proto\u017ee\u00a0tomu situace nebo prost\u0159edn\u00ed\u00a0v\u016fbec\u00a0nenahr\u00e1v\u00e1. A taky zn\u00e1m p\u00e1r p\u0159\u00edpad\u016f, kde jsou lid\u00e9 bohu\u017eel alergi\u010dt\u00ed na zv\u00ed\u0159ata, tak\u017ee nem\u016f\u017eou m\u00edt doma \u017e\u00e1dn\u00e9ho zv\u00ed\u0159ec\u00edho mazl\u00ed\u010dka. Abych pravdu \u0159ekla, tak mn\u011b tohle v\u017edycky opravdu hodn\u011b mrzelo, je mi l\u00edto v\u0161ech\u00a0t\u011bch\u00a0lid\u00ed, kte\u0159\u00ed by si p\u0159\u00e1li m\u00edt n\u011bjak\u00e9 mil\u00e9 zv\u00ed\u0159\u00e1tko,\u00a0ale\u00a0bohu\u017eel kv\u016fli sv\u00e9\u00a0nemoci\u00a0nemohou. Proto\u017ee absolutn\u011b nech\u00e1pu, jak tohle p\u0159\u00edroda mohla ud\u011blat, \u017ee n\u011bkte\u0159\u00ed lid\u00e9 budou alergi\u010dt\u00ed na zv\u00ed\u0159ata a jejich chlupy. Jak\u00fd to m\u00e1\u00a0d\u016fvod? M\u011b samotn\u00e9 to opravdu hodn\u011b vad\u00ed, proto\u017ee moje sestra taky m\u016fj bratr, tak oba dva jsou alergi\u010dt\u00ed na zv\u00ed\u0159ec\u00ed srst. Tak\u017ee si jist\u011b dok\u00e1\u017eete p\u0159edstavit, jak jsme se st\u00e1le h\u00e1dali, kdy\u017e jsme byli mal\u00ed. Proto\u017ee j\u00e1 jsem cht\u011bla m\u00edt doma n\u011bjak\u00e9 zv\u00ed\u0159e, kter\u00e9 je chlupat\u00e9. Ale samoz\u0159ejm\u011b, \u017ee kdy\u017e rodi\u010de zjistili, \u017ee moji dva sourozenci jsou alergi\u010dt\u00ed, tak samoz\u0159ejm\u011b \u017e\u00e1dn\u00e9 zv\u00ed\u0159e dom\u016f po\u0159\u00eddit necht\u011bli. J\u00e1 to samoz\u0159ejm\u011b ch\u00e1pu, ale zkuste to vysv\u011btlit t\u0159eba nap\u0159\u00edklad sedmilet\u00e9mu anebo osmilet\u00e9mu d\u00edt\u011bti. Samoz\u0159ejm\u011b, \u017ee tohle v\u016fbec nejde. Tak\u017ee jsem nakonec se spokojila s t\u00edm, \u017ee mi moji rodi\u010de po\u0159\u00eddili mor\u010de, kter\u00e9 jsem ale mohla m\u00edt jenom ve sklep\u011b.No, alespo\u0148 takhle, ale i tak m\u011b to\u00a0mrzelo, \u017ee to mor\u010de\u00a0nemohlo\u00a0b\u011bhat\u00a0v\u0161ude, jako to m\u011bla moje nejlep\u0161\u00ed kamar\u00e1dka. Ani nev\u00edm, jak jsem se s t\u00edm sm\u00ed\u0159ila, proto\u017ee kdy\u017e nad t\u00edm tak nyn\u00ed uva\u017euji, tak bych byla opravdu hodn\u011b na\u0161tvan\u00e1. M\u00e1m ale \u0161t\u011bst\u00ed, \u017ee j\u00e1 jsem alergii nezd\u011bdila, a to ani m\u016fj syn ne. Tak\u017ee u n\u00e1s doma m\u00e1me opravdu dv\u011b kr\u00e1sn\u00e1 \u0161t\u011b\u0148\u00e1tka, a je\u0161t\u011b se budeme t\u011b\u0161it na kot\u011b, kter\u00e9 k n\u00e1m za m\u011bs\u00edc p\u0159ijde. Mysl\u00edm si, \u017ee kdy\u017e lid\u00e9 \u017eij\u00ed se zv\u00ed\u0159aty, tak taky maj\u00ed potom lep\u0161\u00ed imunitu a maj\u00ed lep\u0161\u00ed n\u00e1ladu. J\u00e1 se v\u017edy d\u00edky zv\u00ed\u0159at\u016fm c\u00edtila v\u017edy skv\u011ble a p\u0159\u00edjemn\u011b. Zkuste zaj\u00edt t\u0159eba do zoo.\u00a0\u00a0                                                                                                                                                                                                                                                                                                                                                                                        4\/5 - (3 votes)        "},{"@context":"https:\/\/schema.org\/","@type":"BreadcrumbList","itemListElement":[{"@type":"ListItem","position":1,"name":"Alergie na zv\u00ed\u0159ata","item":"https:\/\/www.monamie.cz\/alergie-na-zvirata\/#breadcrumbitem"}]}]