[{"@context":"https:\/\/schema.org\/","@type":"Article","@id":"https:\/\/www.monamie.cz\/dovolena-nemusi-byt-jen-v-lete\/#Article","mainEntityOfPage":"https:\/\/www.monamie.cz\/dovolena-nemusi-byt-jen-v-lete\/","headline":"Dovolen\u00e1 nemus\u00ed b\u00fdt jen v l\u00e9t\u011b","name":"Dovolen\u00e1 nemus\u00ed b\u00fdt jen v l\u00e9t\u011b","description":"Nikde p\u0159ece nen\u00ed ps\u00e1no, \u017ee v\u0161ichni mus\u00edme jezdit na dovolenou v&nbsp;l\u00e9t\u011b, nav\u00edc n\u011bkomu sta\u010d\u00ed vid\u011bt mo\u0159e jednou a v\u00edc ho nevyhled\u00e1v\u00e1, naopak d\u00e1v\u00e1 p\u0159ednost zimn\u00edmu sportov\u00e1n\u00ed, pro takov\u00e9 lidi je &hellip; <div class=\"bht1\"><a href=\"https:\/\/www.monamie.cz\/dovolena-nemusi-byt-jen-v-lete\/\">\u010c\u00edst d\u00e1le<span class=\"screen-reader-text\"> \"Dovolen\u00e1 nemus\u00ed b\u00fdt jen v l\u00e9t\u011b\"<\/span><\/a><\/div>","datePublished":"2023-05-06","dateModified":"2023-05-06","author":{"@type":"Person","@id":"https:\/\/www.monamie.cz\/author\/#Person","name":"","url":"https:\/\/www.monamie.cz\/author\/","identifier":1,"image":{"@type":"ImageObject","@id":"https:\/\/secure.gravatar.com\/avatar\/bbaa4e9a58aac4329fe0ade0f3fb816f09f0dc43c21f6e884dccfbc124b16b29?s=96&d=mm&r=g","url":"https:\/\/secure.gravatar.com\/avatar\/bbaa4e9a58aac4329fe0ade0f3fb816f09f0dc43c21f6e884dccfbc124b16b29?s=96&d=mm&r=g","height":96,"width":96}},"publisher":{"@type":"Organization","name":"monamie.cz","logo":{"@type":"ImageObject","@id":"\/logo.png","url":"\/logo.png","width":600,"height":60}},"image":{"@type":"ImageObject","@id":"https:\/\/www.monamie.cz\/wp-content\/uploads\/img_a328285_w2635_t1540643364.jpg","url":"https:\/\/www.monamie.cz\/wp-content\/uploads\/img_a328285_w2635_t1540643364.jpg","height":0,"width":0},"url":"https:\/\/www.monamie.cz\/dovolena-nemusi-byt-jen-v-lete\/","about":["Dovolen\u00e1"],"wordCount":441,"articleBody":"Nikde p\u0159ece nen\u00ed ps\u00e1no, \u017ee v\u0161ichni mus\u00edme jezdit na dovolenou v&nbsp;l\u00e9t\u011b, nav\u00edc n\u011bkomu sta\u010d\u00ed vid\u011bt mo\u0159e jednou a v\u00edc ho nevyhled\u00e1v\u00e1, naopak d\u00e1v\u00e1 p\u0159ednost zimn\u00edmu sportov\u00e1n\u00ed, pro takov\u00e9 lidi je dovolen\u00e1 na hor\u00e1ch p\u0159\u00edmo stvo\u0159en\u00e1. Ov\u0161em stezek i pro p\u011b\u0161\u00ed turisty je v&nbsp;hor\u00e1ch hodn\u011b, a tak i kdy\u017e ly\u017eovat neum\u00edte, m\u016f\u017eete p\u0159i proch\u00e1zk\u00e1ch pozn\u00e1vat bu\u010f kr\u00e1su na\u0161ich hor, nebo se m\u016f\u017eete vydat t\u0159eba do Alp.Na internetu najdete velkou nab\u00eddku pobyt\u016f a\u0165 u\u017e v&nbsp;na\u0161ich hor\u00e1ch nebo v&nbsp;cizin\u011b, pokud u\u017e jste na\u0161e hory projezdili k\u0159\u00ed\u017eem kr\u00e1\u017eem, nic V\u00e1m nebr\u00e1n\u00ed pod\u00edvat se do ciziny, nap\u0159. pobyt pro dva na 8 dn\u00ed s&nbsp;polopenz\u00ed najdete v&nbsp;Alp\u00e1ch za 5000 korun za osobu.V&nbsp;na\u0161ich hor\u00e1ch si tak\u00e9 m\u016f\u017eete zaplatit hotel a\u017e na m\u00edst\u011b, d\u00e1 se zaplatit s&nbsp;polopenz\u00ed, nebo s&nbsp;plnou penz\u00ed, ale to potom budete trochu omezeni v&nbsp;zimn\u00edm sportov\u00e1n\u00ed, vyplat\u00ed se V\u00e1m sp\u00ed\u0161 polopenze, a k&nbsp;ob\u011bdu si m\u016f\u017eete d\u00e1t n\u011bco p\u0159\u00edmo u sjezdovky.Vyhovuj\u00ed V\u00e1m sp\u00ed\u0161 b\u011b\u017eky? Mezi trat\u011bmi pro b\u011b\u017eka\u0159e si m\u016f\u017eete vyb\u00edrat &ndash; na\u0161e \u010desk\u00e1 \u0160umava je pro V\u00e1s to prav\u00e9, pro ly\u017ea\u0159e sice nab\u00edz\u00ed tak\u00e9 vyu\u017eit\u00ed, ale pro b\u011b\u017eka\u0159e nab\u00edz\u00ed trat\u00ed mnohem v\u00edc, je tzv. B\u00edlou stopou, co\u017e je s\u00ed\u0165 spojuj\u00edc\u00ed b\u011b\u017eeck\u00e9 trat\u011b, cel\u00e1 propojen\u00e1.Nev\u00fdhodou pro zimn\u00ed dovolenou v&nbsp;na\u0161\u00ed republice b\u00fdv\u00e1 v&nbsp;posledn\u00ed dob\u011b nedostatek sn\u011bhu, pokud si tedy pl\u00e1nujete n\u011bjakou dobu p\u0159edem, a nem\u016f\u017eete je\u0161t\u011b v\u011bd\u011bt, jak\u00e9 bude po\u010das\u00ed, je jist\u011bj\u0161\u00ed vybrat si dovolenou v&nbsp;zahrani\u010d\u00ed, hlavn\u011b v&nbsp;Alp\u00e1ch, tam m\u00e1te v&nbsp;zim\u011b v\u017edy sn\u00edh zaru\u010den\u00fd.Nejnav\u0161t\u011bvovan\u011bj\u0161\u00ed st\u0159ediska v&nbsp;Alp\u00e1ch jsou Schladming, kter\u00fd m\u00e1 nejv\u011bt\u0161\u00ed po\u010det sjezdovek, a to celkem 123 kilometr\u016f, Saalbach, Flachau nebo t\u0159eba Katschberg, v\u0161echna tato st\u0159ediska jsou z&nbsp;Prahy vzd\u00e1len\u00e1 kolem 400 kilometr\u016f.Ne ly\u017ea\u0159i si mohou vybrat t\u0159eba st\u0159edisko Avoriaz, ve kter\u00e9m najdete tak\u00e9 aqvapark, najdete v&nbsp;n\u011bm vodop\u00e1dy i skluzavky, tak\u017ee pokud se vyd\u00e1te na zimn\u00ed dovolenou s&nbsp;d\u011btmi, i ty si p\u0159ijdou na sv\u00e9.                                                                                                                                                                                                                                                                                                                                                                                        4.1\/5 - (14 votes)        "},{"@context":"https:\/\/schema.org\/","@type":"BreadcrumbList","itemListElement":[{"@type":"ListItem","position":1,"name":"Dovolen\u00e1 nemus\u00ed b\u00fdt jen v l\u00e9t\u011b","item":"https:\/\/www.monamie.cz\/dovolena-nemusi-byt-jen-v-lete\/#breadcrumbitem"}]}]