[{"@context":"https:\/\/schema.org\/","@type":"Article","@id":"https:\/\/www.monamie.cz\/je-celorocni-mobilni-dum-vhodny-i-do-nasich-podminek\/#Article","mainEntityOfPage":"https:\/\/www.monamie.cz\/je-celorocni-mobilni-dum-vhodny-i-do-nasich-podminek\/","headline":"Je celoro\u010dn\u00ed mobiln\u00ed d\u016fm vhodn\u00fd i do na\u0161ich podm\u00ednek?","name":"Je celoro\u010dn\u00ed mobiln\u00ed d\u016fm vhodn\u00fd i do na\u0161ich podm\u00ednek?","description":"Jedn\u00edm z obvykl\u00fdch, a\u010dkoliv zdaleka ne b\u011b\u017en\u00fdch, \u017eivotn\u00edch styl\u016f ve Spojen\u00fdch st\u00e1tech Americk\u00fdch je bydlen\u00ed v mobiln\u00edch domech. V podstat\u011b se jedn\u00e1 o n\u00e1kladn\u00ed automobily, jejich\u017e p\u0159\u00edv\u011bs je upraven tak, &hellip; <div class=\"bht1\"><a href=\"https:\/\/www.monamie.cz\/je-celorocni-mobilni-dum-vhodny-i-do-nasich-podminek\/\">\u010c\u00edst d\u00e1le<span class=\"screen-reader-text\"> \"Je celoro\u010dn\u00ed mobiln\u00ed d\u016fm vhodn\u00fd i do na\u0161ich podm\u00ednek?\"<\/span><\/a><\/div>","datePublished":"2020-10-19","dateModified":"2023-05-06","author":{"@type":"Person","@id":"https:\/\/www.monamie.cz\/author\/#Person","name":"","url":"https:\/\/www.monamie.cz\/author\/","identifier":1,"image":{"@type":"ImageObject","@id":"https:\/\/secure.gravatar.com\/avatar\/bbaa4e9a58aac4329fe0ade0f3fb816f09f0dc43c21f6e884dccfbc124b16b29?s=96&d=mm&r=g","url":"https:\/\/secure.gravatar.com\/avatar\/bbaa4e9a58aac4329fe0ade0f3fb816f09f0dc43c21f6e884dccfbc124b16b29?s=96&d=mm&r=g","height":96,"width":96}},"publisher":{"@type":"Organization","name":"monamie.cz","logo":{"@type":"ImageObject","@id":"\/logo.png","url":"\/logo.png","width":600,"height":60}},"image":{"@type":"ImageObject","@id":"https:\/\/www.monamie.cz\/wp-content\/uploads\/karavan1_8.jpg","url":"https:\/\/www.monamie.cz\/wp-content\/uploads\/karavan1_8.jpg","height":0,"width":0},"url":"https:\/\/www.monamie.cz\/je-celorocni-mobilni-dum-vhodny-i-do-nasich-podminek\/","about":["D\u016fm a byt"],"wordCount":433,"articleBody":"     Jedn\u00edm z obvykl\u00fdch, a\u010dkoliv zdaleka ne b\u011b\u017en\u00fdch, \u017eivotn\u00edch styl\u016f ve Spojen\u00fdch st\u00e1tech Americk\u00fdch je bydlen\u00ed v mobiln\u00edch domech. V podstat\u011b se jedn\u00e1 o n\u00e1kladn\u00ed automobily, jejich\u017e p\u0159\u00edv\u011bs je upraven tak, aby mohl slou\u017eit za obydl\u00ed. Najdete zde skute\u010dn\u011b v\u0161e, od toalety po tekouc\u00ed teplou i studenou vodu po elekt\u0159inu. Postele jsou potom samoz\u0159ejmost\u00ed.V\u00fdhodou zde je, \u017ee nejste v\u00e1z\u00e1ni na jedno m\u00edsto. Kdy\u017e se v\u00e1m n\u011bkde p\u0159estane l\u00edbit, nebo t\u0159eba z\u00edsk\u00e1te pr\u00e1ci v jin\u00e9m m\u011bst\u011b, zkr\u00e1tka se p\u0159esunete tam. Dokonce zde existuj\u00ed i parkovi\u0161t\u011b, ur\u010den\u00e1 pr\u00e1v\u011b pro tato mobiln\u00ed obydl\u00ed.To v\u0161e zn\u00ed dob\u0159e, a koresponduje to se svobodymilovnost\u00ed v\u011bt\u0161iny obyvatel USA. Av\u0161ak mohl by se tento styl \u017eivota uchytit i u n\u00e1s? Nebo jsme zkr\u00e1tka p\u0159\u00edli\u0161 odli\u0161n\u00ed?Zde je pot\u0159eba zv\u00e1\u017eit n\u011bkolik faktor\u016f, kter\u00e9 nemaj\u00ed co d\u011blat s t\u00edm, jac\u00ed jsme. Prvn\u00ed je fakt, \u017ee vzd\u00e1lenosti ve Spojen\u00fdch st\u00e1tech Americk\u00fdch jsou mnohem v\u011bt\u0161\u00ed. I n\u00e1v\u0161t\u011bva p\u0159\u00edbuzn\u00fdch tak m\u016f\u017ee trvat dva dny. Zato u n\u00e1s se d\u00e1 dojet prakticky kamkoliv p\u0159i dobr\u00e9 dopravn\u00ed situaci za p\u016fl dne. Nemus\u00edme tedy tr\u00e1vit tolik \u010dasu na cest\u011b, kdy\u017e n\u011bkam jedeme.D\u00e1le je to po\u010das\u00ed. Zat\u00edmco nap\u0159\u00edklad na Florid\u011b \u010di v Miami jsou teploty po cel\u00fd rok p\u0159\u00edzniv\u00e9, u n\u00e1s kol\u00edsaj\u00ed v extr\u00e9mech mezi 40 stupni Celsia v l\u00e9t\u011b a \u2013 30 stupni Celsia v zim\u011b. To je pro celoro\u010dn\u00ed mobiln\u00ed d\u016fm docela z\u00e1t\u011b\u017e.Nav\u00edc je tu fakt, \u017ee b\u011bhem zimn\u00edch m\u011bs\u00edc\u016f budeme pravd\u011bpodobn\u011b tr\u00e1vit v\u011bt\u0161inu \u010dasu uvnit\u0159. A prostor v karavanu je omezen\u00fd, zvl\u00e1\u0161t\u011b kdy\u017e v\u00e1s je zde v\u00edce. Nemus\u00ed tedy trvat dlouho, ne\u017e se projev\u00ed ponorkov\u00e1 nemoc.K tomu v\u0161emu m\u016f\u017eeme p\u0159idat fakt, \u017ee zat\u00edmco v USA je d\u00e1v\u00e1n v\u011bt\u0161\u00ed d\u016fraz na svobodu, u n\u00e1s jsou to naopak tradice, i kdy\u017e samoz\u0159ejm\u011b nejde pau\u0161alizovat. Je to samoz\u0159ejm\u011b d\u00e1no rozd\u00edlnou dobou, po kterou ob\u011b zem\u011b existuj\u00ed.Nakonec v\u0161ak z\u00e1le\u017e\u00ed jen na v\u00e1s. Pokud jej vhodn\u011b uprav\u00edte, m\u016f\u017eete bydlet v karavanu po cel\u00fd rok. Jen si bu\u010fte v\u011bdomi omezen\u00ed, abyste nesplakali nad v\u00fdd\u011blkem.                                                                                                                                                                                                                                                                                                                                                                                          3.8\/5 - (10 votes)        "},{"@context":"https:\/\/schema.org\/","@type":"BreadcrumbList","itemListElement":[{"@type":"ListItem","position":1,"name":"Je celoro\u010dn\u00ed mobiln\u00ed d\u016fm vhodn\u00fd i do na\u0161ich podm\u00ednek?","item":"https:\/\/www.monamie.cz\/je-celorocni-mobilni-dum-vhodny-i-do-nasich-podminek\/#breadcrumbitem"}]}]