[{"@context":"https:\/\/schema.org\/","@type":"Article","@id":"https:\/\/www.monamie.cz\/primark-v-ceske-republice\/#Article","mainEntityOfPage":"https:\/\/www.monamie.cz\/primark-v-ceske-republice\/","headline":"Primark v \u010cesk\u00e9 republice?","name":"Primark v \u010cesk\u00e9 republice?","description":"N\u011bkolikr\u00e1t jsem s&nbsp;cestovn\u00ed kancel\u00e1\u0159\u00ed jela na jednodenn\u00ed z\u00e1jezd do V\u00eddn\u011b za n\u00e1kupy. Jednalo se o n\u00e1kupy ve velk\u00e9m obchodn\u00edm centru G3. R\u00e1no jsme se vydali tam a ve\u010der se s&nbsp;pln\u00fdmi &hellip; <div class=\"bht1\"><a href=\"https:\/\/www.monamie.cz\/primark-v-ceske-republice\/\">\u010c\u00edst d\u00e1le<span class=\"screen-reader-text\"> \"Primark v \u010cesk\u00e9 republice?\"<\/span><\/a><\/div>","datePublished":"2019-07-07","dateModified":"2023-05-06","author":{"@type":"Person","@id":"https:\/\/www.monamie.cz\/author\/#Person","name":"","url":"https:\/\/www.monamie.cz\/author\/","identifier":1,"image":{"@type":"ImageObject","@id":"https:\/\/secure.gravatar.com\/avatar\/bbaa4e9a58aac4329fe0ade0f3fb816f09f0dc43c21f6e884dccfbc124b16b29?s=96&d=mm&r=g","url":"https:\/\/secure.gravatar.com\/avatar\/bbaa4e9a58aac4329fe0ade0f3fb816f09f0dc43c21f6e884dccfbc124b16b29?s=96&d=mm&r=g","height":96,"width":96}},"publisher":{"@type":"Organization","name":"monamie.cz","logo":{"@type":"ImageObject","@id":"\/logo.png","url":"\/logo.png","width":600,"height":60}},"image":{"@type":"ImageObject","@id":"https:\/\/www.monamie.cz\/wp-content\/uploads\/img_a349850_w2635_t1564854026.jpg","url":"https:\/\/www.monamie.cz\/wp-content\/uploads\/img_a349850_w2635_t1564854026.jpg","height":0,"width":0},"url":"https:\/\/www.monamie.cz\/primark-v-ceske-republice\/","about":["N\u00e1kupy"],"wordCount":431,"articleBody":"N\u011bkolikr\u00e1t jsem s&nbsp;cestovn\u00ed kancel\u00e1\u0159\u00ed jela na jednodenn\u00ed z\u00e1jezd do V\u00eddn\u011b za n\u00e1kupy. Jednalo se o n\u00e1kupy ve velk\u00e9m obchodn\u00edm centru G3. R\u00e1no jsme se vydali tam a ve\u010der se s&nbsp;pln\u00fdmi ta\u0161kami vraceli dom\u016f. To p\u0159\u00ed\u0161t\u00ed rok ale kon\u010d\u00ed. V&nbsp;kv\u011btnu roku 2020 se m\u00e1 otev\u00edrat nov\u00fd obchodn\u00ed d\u016fm na V\u00e1clavsk\u00e9m n\u00e1m\u011bst\u00ed v&nbsp;Praze, bude se jmenovat Kv\u011btinov\u00fd d\u016fm. Spolu s&nbsp;dal\u0161\u00edmi obchody zde m\u00e1 \u00fadajn\u011b b\u00fdt i Primark. Je to obchod s&nbsp;m\u00f3dn\u00edm oble\u010den\u00edm za m\u00e1lo pen\u011bz. M\u016f\u017eete zde nakoupit tak\u00e9 kosmetiku, dopl\u0148ky, bi\u017euterii, sladkosti a v\u00fdbavu do bytu. Nab\u00edz\u00ed tak\u00e9 kolekce inspirov\u00e1ny filmy, seri\u00e1ly nebo poh\u00e1dkami. Jedn\u00e1 se o limitovanou edici, kter\u00e1 se \u010dasto m\u011bn\u00ed. Obecn\u011b oble\u010den\u00ed se tam to\u010d\u00ed \u010dasto, nikdy se mi nestalo, abych na n\u011bjakou v\u011bc narazila dvakr\u00e1t.Osobn\u011b jsem s&nbsp;n\u00e1kupem v&nbsp;tomto obchod\u011b velmi spokojen\u00e1. V\u017edy vyberu kr\u00e1sn\u00e9 v\u011bci, kter\u00e9 mi dlouho vydr\u017e\u00ed. Nav\u00edc za rozumn\u00fd pen\u00edz. Doporu\u010duji jet ve v\u0161edn\u00ed den, kdy zde nebude tolik lid\u00ed jako o v\u00edkendu. V&nbsp;rann\u00ed hodiny je to nejlep\u0161\u00ed, po ob\u011bd\u011b u\u017e se nehnete a budete akor\u00e1t otr\u00e1ven\u00ed. Nejrad\u011bji si v&nbsp;Primarku kupuji basic kousky, jako tri\u010dka, mikiny, d\u017e\u00edny, svetry, pono\u017eky, spodn\u00ed pr\u00e1dlo nebo oble\u010den\u00ed na cvi\u010den\u00ed. Ko\u0161ile a halenky jsou z&nbsp;nekvalitn\u00edho materi\u00e1lu. D\u00e1le za to stoj\u00ed odli\u010dovac\u00ed tamp\u00f3nky, gumi\u010dky do vlas\u016f, n\u00e1u\u0161nice a py\u017eama. Nejen, \u017ee nakoup\u00edte na sebe, ale na celou svou rodinu, a to od miminka p\u0159es Va\u0161eho mu\u017ee po dom\u00e1c\u00edho mazl\u00ed\u010dka. A to v\u0161echno na jednom m\u00edst\u011b.Zat\u00edm se ale mus\u00edme spokojit s&nbsp;t\u00edm, co m\u00e1me a po\u010dkat si. Kdo by cht\u011bl, m\u016f\u017ee si zajet do V\u00eddn\u011b nebo Dr\u00e1\u017e\u010fan, kde maj\u00ed pobo\u010dky u\u017e dlouho. \u010cetla jsem, \u017ee v&nbsp;Praze m\u00e1 b\u00fdt toto\u017en\u00fd sortiment jako v&nbsp;ji\u017e zmi\u0148ovan\u00fdch m\u011bstech. Kdo v\u00ed, pro\u010d jsme museli \u010dekat tak dlouho. Pokud se n\u00e1kupy vyplat\u00ed, zjist\u00edte sami, p\u0159ece jen, cesta tak\u00e9 n\u011bco stoj\u00ed a zd\u00e1 se mi, \u017ee u\u017e taky najdete i levn\u011bj\u0161\u00ed obchody. Hlavn\u011b pokud naraz\u00edte na slevy.                                                                                                                                                                                                                                                                                                                                                                                        4.2\/5 - (9 votes)        "},{"@context":"https:\/\/schema.org\/","@type":"BreadcrumbList","itemListElement":[{"@type":"ListItem","position":1,"name":"Primark v \u010cesk\u00e9 republice?","item":"https:\/\/www.monamie.cz\/primark-v-ceske-republice\/#breadcrumbitem"}]}]